{"id":1188,"date":"2023-04-29T20:43:32","date_gmt":"2023-04-29T18:43:32","guid":{"rendered":"https:\/\/frankfurt.fau.org\/?p=1188"},"modified":"2023-04-29T20:45:00","modified_gmt":"2023-04-29T18:45:00","slug":"tarif-und-besoldungsrunde-oeffentlicher-dienst-2023","status":"publish","type":"post","link":"https:\/\/frankfurt.fau.org\/?p=1188","title":{"rendered":"Tarif- und Besoldungsrunde \u00f6ffentlicher Dienst 2023"},"content":{"rendered":"<p>Seit Januar 2023 befindet sich die Gewerkschaft ver.di in Tarifauseinandersetzung mit dem Arbeitgeberverband VKA (Verband kommunaler Arbeitgeber) und dem Bundesinnenministerium \u00fcber einen neuen Lohntarifvertrag f\u00fcr die Besch\u00e4ftigten im \u00f6ffentlichen Dienst, sowie der kommunalen Versorgungsbetriebe und des kommunalen Nahverkehrs.<br \/>\nVerdi forderte eine Lohnerh\u00f6hung von 10,5% (mindestens aber 500 \u20ac) sowie 200 \u20ac mehr f\u00fcr Azubis &amp; Praktikanten. Nach dem Scheitern der Verhandlungsrunde kam es zu einem Schlichtungsverfahren, dessen entt\u00e4uschendes Ergebnis den Arbeitgebern stark entgegen kam, aber von Verdi dennoch akzeptiert wurde.<\/p>\n<p>Ein Schlichtungsergebnis als Verhandlungsgrundlage, das f\u00fcr 2023 keine Lohnerh\u00f6hung vorsieht und insgesamt einen inflationsbedingten Reallohnverlust \u00fcber 24 Monate bedeutet, bildet keine gute Ausgangslage f\u00fcr weitere Verhandlungen. Und zurecht gab es viel Kritik daran von der Basis.<!--more--><\/p>\n<p>Dennoch verk\u00fcndeten die Verhandlungsf\u00fchrer von ver.di nun am 22.04.2023 eine Einigung in den Tarifverhandlungen, die weitgehend auf dem Vorschlag der Schlichtungskommission beruht. Die Tarifkommission von Verdi wird nun ihre\u00a0 Mitglieder befragen und am 15. Mai eine endg\u00fcltige\u00a0 Entscheidung treffen.<\/p>\n<p>Wir finden: Das ist nicht genug! Wir und viele Kolleg*innen haben sich an den Warnstreiks in Frankfurt beteiligt und sind weiter streikbereit. Mit dem verk\u00fcndeten Ergebnis sind wir nicht zufrieden!<\/p>\n<p>Soll das schon alles sein? Zur Tarifeinigung:<\/p>\n<ul>\n<li>Das Ergebnis der Tarifverhandlungen darf kein Reallohnverlust sein!<\/li>\n<\/ul>\n<p>F\u00fcr die meisten Besch\u00e4ftigten w\u00e4re es kein echter Inflationsausgleich, wenn man den hohen Reallohnverlust aus 2022 mit einrechnet (Reallohnverlust 2022 im TV\u00f6D: -5,5%, Inflation 2023: 6%, 2024: 2,4% = 13,9%). Auf die unteren Entgeltgruppen wirkt sich die Inflation noch deutlich h\u00e4rter aus.<\/p>\n<ul>\n<li>Kurzfristige Einmalzahlungen sind keine langfristige Lohnerh\u00f6hung!<\/li>\n<\/ul>\n<p>Die angek\u00fcndigte erste gro\u00dfe Sonderahlung \u00fcber 1240\u20ac f\u00fcr Juni 2023 scheint als \u201eUrlaubsgeld\u201c gedacht um Zustimmung zu einem Tarifabschluss zu generieren. Lasst euch davon nicht t\u00e4uschen! Eine tabellenwirksame Lohnerh\u00f6hung r\u00fcckwirkend ab dem 01.01.2023 muss weiterhin das Ziel sein. Auch und besonders in Hinblick auf zuk\u00fcnftige Tarifverhandlungen. F\u00fcr die Inflationspr\u00e4mie werden auch keine Beitr\u00e4ge in die Renten- und Sozialversicherungen gezahlt.<\/p>\n<ul>\n<li>Die Laufzeit des Tarifvertrag w\u00e4re zu lang!<\/li>\n<\/ul>\n<p>Eine Laufzeit von 24 Monaten bis 31.12.2024 ist unter den derzeitigen krisenhaften Bedingungen nicht akzeptabel. Wir m\u00fcssen als Arbeitnehmer*innen fexibel auf ver\u00e4nderte Rahmenbedingungen reagieren k\u00f6nnen.<\/p>\n<p><strong>Deshalb:<\/strong><\/p>\n<ul>\n<li><strong>Wir rufen alle ver.di-Mitglieder dazu auf, sich innerhalb der Gewerkschaftsstrukturen gegen die Verabschiedung dieses Verhandlungsergebnisses zu stellen!<\/strong><\/li>\n<li><strong>Wir sprechen uns f\u00fcr die Fortf\u00fchrung der Arbeitsk\u00e4mpfe und neue Verhandlungen aus! Die Streikbereitschaft ist hoch, die Notwendigkeit offensichtlich \u2013 Wir sind bereit! <\/strong><\/li>\n<\/ul>\n<p><strong>FAU Betriebsgruppe im Frankfurter Verein,\u00a0 April 2023 <\/strong><\/p>\n<p><a href=\"https:\/\/frankfurt.fau.org\/wp-content\/uploads\/2023\/04\/2023-04-25-BGFV_Flugblatt-1.pdf\">Flyer zum Download<\/a><\/p>\n<p><strong>Kontakt: <\/strong><a href=\"mailto:fauffm-bg-fv@fau.org\">fauffm-bg-fv@fau.org<\/a><\/p>\n<div class=\"shariff shariff-align-left shariff-widget-align-left\" data-url=\"https:\/\/frankfurt.fau.org\/?p=1188\" data-timestamp=\"1682801100\" data-backendurl=\"?rest_route=\/shariff\/v1\/share_counts&\"><ul class=\"shariff-buttons theme-round orientation-horizontal buttonsize-small\"><li class=\"shariff-button mastodon shariff-nocustomcolor\" style=\"background-color:#563ACC\"><a href=\"https:\/\/s2f.kytta.dev\/?text=Tarif-%20und%20Besoldungsrunde%20%C3%B6ffentlicher%20Dienst%202023 https%3A%2F%2Ffrankfurt.fau.org%2F%3Fp%3D1188\" title=\"Bei Mastodon teilen\" aria-label=\"Bei Mastodon teilen\" role=\"button\" rel=\"noopener nofollow\" class=\"shariff-link\" style=\"; background-color:#6364FF; color:#fff\" target=\"_blank\"><span class=\"shariff-icon\" style=\"\"><svg width=\"75\" height=\"79\" viewBox=\"0 0 75 79\" fill=\"none\" xmlns=\"http:\/\/www.w3.org\/2000\/svg\"><path d=\"M37.813-.025C32.462-.058 27.114.13 21.79.598c-8.544.621-17.214 5.58-20.203 13.931C-1.12 23.318.408 32.622.465 41.65c.375 7.316.943 14.78 3.392 21.73 4.365 9.465 14.781 14.537 24.782 15.385 7.64.698 15.761-.213 22.517-4.026a54.1 54.1 0 0 0 .01-6.232c-6.855 1.316-14.101 2.609-21.049 1.074-3.883-.88-6.876-4.237-7.25-8.215-1.53-3.988 3.78-.43 5.584-.883 9.048 1.224 18.282.776 27.303-.462 7.044-.837 14.26-4.788 16.65-11.833 2.263-6.135 1.215-12.79 1.698-19.177.06-3.84.09-7.692-.262-11.52C72.596 7.844 63.223.981 53.834.684a219.453 219.453 0 0 0-16.022-.71zm11.294 12.882c5.5-.067 10.801 4.143 11.67 9.653.338 1.48.471 3 .471 4.515v21.088h-8.357c-.07-7.588.153-15.182-.131-22.765-.587-4.368-7.04-5.747-9.672-2.397-2.422 3.04-1.47 7.155-1.67 10.735v6.392h-8.307c-.146-4.996.359-10.045-.404-15.002-1.108-4.218-7.809-5.565-10.094-1.666-1.685 3.046-.712 6.634-.976 9.936v14.767h-8.354c.109-8.165-.238-16.344.215-24.5.674-5.346 5.095-10.389 10.676-10.627 4.902-.739 10.103 2.038 12.053 6.631.375 1.435 1.76 1.932 1.994.084 1.844-3.704 5.501-6.739 9.785-6.771.367-.044.735-.068 1.101-.073z\"\/><defs><linearGradient id=\"paint0_linear_549_34\" x1=\"37.0692\" y1=\"0\" x2=\"37.0692\" y2=\"79\" gradientUnits=\"userSpaceOnUse\"><stop stop-color=\"#6364FF\"\/><stop offset=\"1\" stop-color=\"#563ACC\"\/><\/linearGradient><\/defs><\/svg><\/span><\/a><\/li><li class=\"shariff-button facebook shariff-nocustomcolor\" style=\"background-color:#4273c8\"><a href=\"https:\/\/www.facebook.com\/sharer\/sharer.php?u=https%3A%2F%2Ffrankfurt.fau.org%2F%3Fp%3D1188\" title=\"Bei Facebook teilen\" aria-label=\"Bei Facebook teilen\" role=\"button\" rel=\"nofollow\" class=\"shariff-link\" style=\"; background-color:#3b5998; color:#fff\" target=\"_blank\"><span class=\"shariff-icon\" style=\"\"><svg width=\"32px\" height=\"20px\" xmlns=\"http:\/\/www.w3.org\/2000\/svg\" viewBox=\"0 0 18 32\"><path fill=\"#3b5998\" d=\"M17.1 0.2v4.7h-2.8q-1.5 0-2.1 0.6t-0.5 1.9v3.4h5.2l-0.7 5.3h-4.5v13.6h-5.5v-13.6h-4.5v-5.3h4.5v-3.9q0-3.3 1.9-5.2t5-1.8q2.6 0 4.1 0.2z\"\/><\/svg><\/span><\/a><\/li><li class=\"shariff-button linkedin shariff-nocustomcolor\" style=\"background-color:#1488bf\"><a href=\"https:\/\/www.linkedin.com\/sharing\/share-offsite\/?url=https%3A%2F%2Ffrankfurt.fau.org%2F%3Fp%3D1188\" title=\"Bei LinkedIn teilen\" aria-label=\"Bei LinkedIn teilen\" role=\"button\" rel=\"noopener nofollow\" class=\"shariff-link\" style=\"; background-color:#0077b5; color:#fff\" target=\"_blank\"><span class=\"shariff-icon\" style=\"\"><svg width=\"32px\" height=\"20px\" xmlns=\"http:\/\/www.w3.org\/2000\/svg\" viewBox=\"0 0 27 32\"><path fill=\"#0077b5\" d=\"M6.2 11.2v17.7h-5.9v-17.7h5.9zM6.6 5.7q0 1.3-0.9 2.2t-2.4 0.9h0q-1.5 0-2.4-0.9t-0.9-2.2 0.9-2.2 2.4-0.9 2.4 0.9 0.9 2.2zM27.4 18.7v10.1h-5.9v-9.5q0-1.9-0.7-2.9t-2.3-1.1q-1.1 0-1.9 0.6t-1.2 1.5q-0.2 0.5-0.2 1.4v9.9h-5.9q0-7.1 0-11.6t0-5.3l0-0.9h5.9v2.6h0q0.4-0.6 0.7-1t1-0.9 1.6-0.8 2-0.3q3 0 4.9 2t1.9 6z\"\/><\/svg><\/span><\/a><\/li><li class=\"shariff-button info shariff-nocustomcolor\" style=\"background-color:#eee\"><a href=\"http:\/\/ct.de\/-2467514\" title=\"Weitere Informationen\" aria-label=\"Weitere Informationen\" role=\"button\" rel=\"noopener \" class=\"shariff-link\" style=\"; background-color:#fff; color:#fff\" target=\"_blank\"><span class=\"shariff-icon\" style=\"\"><svg width=\"32px\" height=\"20px\" xmlns=\"http:\/\/www.w3.org\/2000\/svg\" viewBox=\"0 0 11 32\"><path fill=\"#999\" d=\"M11.4 24v2.3q0 0.5-0.3 0.8t-0.8 0.4h-9.1q-0.5 0-0.8-0.4t-0.4-0.8v-2.3q0-0.5 0.4-0.8t0.8-0.4h1.1v-6.8h-1.1q-0.5 0-0.8-0.4t-0.4-0.8v-2.3q0-0.5 0.4-0.8t0.8-0.4h6.8q0.5 0 0.8 0.4t0.4 0.8v10.3h1.1q0.5 0 0.8 0.4t0.3 0.8zM9.2 3.4v3.4q0 0.5-0.4 0.8t-0.8 0.4h-4.6q-0.4 0-0.8-0.4t-0.4-0.8v-3.4q0-0.4 0.4-0.8t0.8-0.4h4.6q0.5 0 0.8 0.4t0.4 0.8z\"\/><\/svg><\/span><\/a><\/li><\/ul><\/div>","protected":false},"excerpt":{"rendered":"<p>Seit Januar 2023 befindet sich die Gewerkschaft ver.di in Tarifauseinandersetzung mit dem Arbeitgeberverband VKA (Verband kommunaler Arbeitgeber) und dem Bundesinnenministerium \u00fcber einen neuen Lohntarifvertrag f\u00fcr die Besch\u00e4ftigten im \u00f6ffentlichen Dienst, sowie der kommunalen Versorgungsbetriebe und des kommunalen Nahverkehrs. Verdi forderte eine Lohnerh\u00f6hung von 10,5% (mindestens aber 500 \u20ac) sowie 200 \u20ac mehr f\u00fcr Azubis &amp; Praktikanten. Nach dem Scheitern der Verhandlungsrunde kam es zu einem &hellip; <a href=\"https:\/\/frankfurt.fau.org\/?p=1188\" class=\"more-link\">Continue reading <span class=\"screen-reader-text\">Tarif- und Besoldungsrunde \u00f6ffentlicher Dienst 2023<\/span> <span class=\"meta-nav\">&raquo;<\/span><\/a><\/p>\n<div class=\"shariff shariff-align-left shariff-widget-align-left\" data-url=\"https:\/\/frankfurt.fau.org\/?p=1188\" data-timestamp=\"1682801100\" data-backendurl=\"?rest_route=\/shariff\/v1\/share_counts&\"><ul class=\"shariff-buttons theme-round orientation-horizontal buttonsize-small\"><li class=\"shariff-button mastodon shariff-nocustomcolor\" style=\"background-color:#563ACC\"><a href=\"https:\/\/s2f.kytta.dev\/?text=Tarif-%20und%20Besoldungsrunde%20%C3%B6ffentlicher%20Dienst%202023 https%3A%2F%2Ffrankfurt.fau.org%2F%3Fp%3D1188\" title=\"Bei Mastodon teilen\" aria-label=\"Bei Mastodon teilen\" role=\"button\" rel=\"noopener nofollow\" class=\"shariff-link\" style=\"; background-color:#6364FF; color:#fff\" target=\"_blank\"><span class=\"shariff-icon\" style=\"\"><svg width=\"75\" height=\"79\" viewBox=\"0 0 75 79\" fill=\"none\" xmlns=\"http:\/\/www.w3.org\/2000\/svg\"><path d=\"M37.813-.025C32.462-.058 27.114.13 21.79.598c-8.544.621-17.214 5.58-20.203 13.931C-1.12 23.318.408 32.622.465 41.65c.375 7.316.943 14.78 3.392 21.73 4.365 9.465 14.781 14.537 24.782 15.385 7.64.698 15.761-.213 22.517-4.026a54.1 54.1 0 0 0 .01-6.232c-6.855 1.316-14.101 2.609-21.049 1.074-3.883-.88-6.876-4.237-7.25-8.215-1.53-3.988 3.78-.43 5.584-.883 9.048 1.224 18.282.776 27.303-.462 7.044-.837 14.26-4.788 16.65-11.833 2.263-6.135 1.215-12.79 1.698-19.177.06-3.84.09-7.692-.262-11.52C72.596 7.844 63.223.981 53.834.684a219.453 219.453 0 0 0-16.022-.71zm11.294 12.882c5.5-.067 10.801 4.143 11.67 9.653.338 1.48.471 3 .471 4.515v21.088h-8.357c-.07-7.588.153-15.182-.131-22.765-.587-4.368-7.04-5.747-9.672-2.397-2.422 3.04-1.47 7.155-1.67 10.735v6.392h-8.307c-.146-4.996.359-10.045-.404-15.002-1.108-4.218-7.809-5.565-10.094-1.666-1.685 3.046-.712 6.634-.976 9.936v14.767h-8.354c.109-8.165-.238-16.344.215-24.5.674-5.346 5.095-10.389 10.676-10.627 4.902-.739 10.103 2.038 12.053 6.631.375 1.435 1.76 1.932 1.994.084 1.844-3.704 5.501-6.739 9.785-6.771.367-.044.735-.068 1.101-.073z\"\/><defs><linearGradient id=\"paint0_linear_549_34\" x1=\"37.0692\" y1=\"0\" x2=\"37.0692\" y2=\"79\" gradientUnits=\"userSpaceOnUse\"><stop stop-color=\"#6364FF\"\/><stop offset=\"1\" stop-color=\"#563ACC\"\/><\/linearGradient><\/defs><\/svg><\/span><\/a><\/li><li class=\"shariff-button facebook shariff-nocustomcolor\" style=\"background-color:#4273c8\"><a href=\"https:\/\/www.facebook.com\/sharer\/sharer.php?u=https%3A%2F%2Ffrankfurt.fau.org%2F%3Fp%3D1188\" title=\"Bei Facebook teilen\" aria-label=\"Bei Facebook teilen\" role=\"button\" rel=\"nofollow\" class=\"shariff-link\" style=\"; background-color:#3b5998; color:#fff\" target=\"_blank\"><span class=\"shariff-icon\" style=\"\"><svg width=\"32px\" height=\"20px\" xmlns=\"http:\/\/www.w3.org\/2000\/svg\" viewBox=\"0 0 18 32\"><path fill=\"#3b5998\" d=\"M17.1 0.2v4.7h-2.8q-1.5 0-2.1 0.6t-0.5 1.9v3.4h5.2l-0.7 5.3h-4.5v13.6h-5.5v-13.6h-4.5v-5.3h4.5v-3.9q0-3.3 1.9-5.2t5-1.8q2.6 0 4.1 0.2z\"\/><\/svg><\/span><\/a><\/li><li class=\"shariff-button linkedin shariff-nocustomcolor\" style=\"background-color:#1488bf\"><a href=\"https:\/\/www.linkedin.com\/sharing\/share-offsite\/?url=https%3A%2F%2Ffrankfurt.fau.org%2F%3Fp%3D1188\" title=\"Bei LinkedIn teilen\" aria-label=\"Bei LinkedIn teilen\" role=\"button\" rel=\"noopener nofollow\" class=\"shariff-link\" style=\"; background-color:#0077b5; color:#fff\" target=\"_blank\"><span class=\"shariff-icon\" style=\"\"><svg width=\"32px\" height=\"20px\" xmlns=\"http:\/\/www.w3.org\/2000\/svg\" viewBox=\"0 0 27 32\"><path fill=\"#0077b5\" d=\"M6.2 11.2v17.7h-5.9v-17.7h5.9zM6.6 5.7q0 1.3-0.9 2.2t-2.4 0.9h0q-1.5 0-2.4-0.9t-0.9-2.2 0.9-2.2 2.4-0.9 2.4 0.9 0.9 2.2zM27.4 18.7v10.1h-5.9v-9.5q0-1.9-0.7-2.9t-2.3-1.1q-1.1 0-1.9 0.6t-1.2 1.5q-0.2 0.5-0.2 1.4v9.9h-5.9q0-7.1 0-11.6t0-5.3l0-0.9h5.9v2.6h0q0.4-0.6 0.7-1t1-0.9 1.6-0.8 2-0.3q3 0 4.9 2t1.9 6z\"\/><\/svg><\/span><\/a><\/li><li class=\"shariff-button info shariff-nocustomcolor\" style=\"background-color:#eee\"><a href=\"http:\/\/ct.de\/-2467514\" title=\"Weitere Informationen\" aria-label=\"Weitere Informationen\" role=\"button\" rel=\"noopener \" class=\"shariff-link\" style=\"; background-color:#fff; color:#fff\" target=\"_blank\"><span class=\"shariff-icon\" style=\"\"><svg width=\"32px\" height=\"20px\" xmlns=\"http:\/\/www.w3.org\/2000\/svg\" viewBox=\"0 0 11 32\"><path fill=\"#999\" d=\"M11.4 24v2.3q0 0.5-0.3 0.8t-0.8 0.4h-9.1q-0.5 0-0.8-0.4t-0.4-0.8v-2.3q0-0.5 0.4-0.8t0.8-0.4h1.1v-6.8h-1.1q-0.5 0-0.8-0.4t-0.4-0.8v-2.3q0-0.5 0.4-0.8t0.8-0.4h6.8q0.5 0 0.8 0.4t0.4 0.8v10.3h1.1q0.5 0 0.8 0.4t0.3 0.8zM9.2 3.4v3.4q0 0.5-0.4 0.8t-0.8 0.4h-4.6q-0.4 0-0.8-0.4t-0.4-0.8v-3.4q0-0.4 0.4-0.8t0.8-0.4h4.6q0.5 0 0.8 0.4t0.4 0.8z\"\/><\/svg><\/span><\/a><\/li><\/ul><\/div>","protected":false},"author":4,"featured_media":0,"comment_status":"closed","ping_status":"open","sticky":false,"template":"","format":"standard","meta":{"footnotes":""},"categories":[3,1],"tags":[],"class_list":["post-1188","post","type-post","status-publish","format-standard","hentry","category-aktuell","category-allgemein"],"_links":{"self":[{"href":"https:\/\/frankfurt.fau.org\/index.php?rest_route=\/wp\/v2\/posts\/1188","targetHints":{"allow":["GET"]}}],"collection":[{"href":"https:\/\/frankfurt.fau.org\/index.php?rest_route=\/wp\/v2\/posts"}],"about":[{"href":"https:\/\/frankfurt.fau.org\/index.php?rest_route=\/wp\/v2\/types\/post"}],"author":[{"embeddable":true,"href":"https:\/\/frankfurt.fau.org\/index.php?rest_route=\/wp\/v2\/users\/4"}],"replies":[{"embeddable":true,"href":"https:\/\/frankfurt.fau.org\/index.php?rest_route=%2Fwp%2Fv2%2Fcomments&post=1188"}],"version-history":[{"count":4,"href":"https:\/\/frankfurt.fau.org\/index.php?rest_route=\/wp\/v2\/posts\/1188\/revisions"}],"predecessor-version":[{"id":1193,"href":"https:\/\/frankfurt.fau.org\/index.php?rest_route=\/wp\/v2\/posts\/1188\/revisions\/1193"}],"wp:attachment":[{"href":"https:\/\/frankfurt.fau.org\/index.php?rest_route=%2Fwp%2Fv2%2Fmedia&parent=1188"}],"wp:term":[{"taxonomy":"category","embeddable":true,"href":"https:\/\/frankfurt.fau.org\/index.php?rest_route=%2Fwp%2Fv2%2Fcategories&post=1188"},{"taxonomy":"post_tag","embeddable":true,"href":"https:\/\/frankfurt.fau.org\/index.php?rest_route=%2Fwp%2Fv2%2Ftags&post=1188"}],"curies":[{"name":"wp","href":"https:\/\/api.w.org\/{rel}","templated":true}]}}