{"id":565,"date":"2020-04-20T22:25:51","date_gmt":"2020-04-20T20:25:51","guid":{"rendered":"https:\/\/frankfurt.fau.org\/?p=565"},"modified":"2020-05-01T17:29:45","modified_gmt":"2020-05-01T15:29:45","slug":"applaus-ist-nicht-genug-deshalb-heraus-zum-ersten-mai","status":"publish","type":"post","link":"https:\/\/frankfurt.fau.org\/?p=565","title":{"rendered":"Applaus ist nicht genug! Deshalb: Heraus zum ersten Mai!"},"content":{"rendered":"<p><img loading=\"lazy\" decoding=\"async\" class=\"size-full wp-image-572 alignright\" src=\"https:\/\/frankfurt.fau.org\/wp-content\/uploads\/2020\/04\/3635221-06-1-e1587414226697.png\" alt=\"\" width=\"250\" height=\"227\" \/><\/p>\n<h1><strong>Applaus ist nicht genug! <\/strong><\/h1>\n<h1><strong>Deshalb: Heraus zum ersten Mai!<\/strong><\/h1>\n<p>Eine Frankfurter Gruppe, bestehend aus Gewerkschafter*innen, Lohnarbeitenden und Freund*innen schwarzer Pelztiere l\u00e4dt zu einem 1.Mai-Spaziergang ein. Treffpunkt ist in Frankfurt am Main am 01.05.20, um 11 Uhr, die Ecke Braubachstra\u00dfe zwischen R\u00f6mer und Paulsplatz. Alle sind dazu aufgefordert, Transparente mit Forderungen (und als Abstandshalter) und Mundschutz mitzubringen, sodass der Spaziergang unter Corona-Bedingungen stattfinden kann. Wir werden bestimmt auch da sein.<\/p>\n<p>Den sehr sympatischen Text dazu findet ihr gleich hier unten. Bestimmt freut sich die Gruppe, wenn der Text an andere interessierte Menschen weitergeleitet wird!<\/p>\n<p><strong>Applaus ist nicht genug!<\/strong><\/p>\n<p>Deshalb: Heraus zum ersten Mai!<\/p>\n<p>Seit Wochen bestimmt der Corona-Virus unser Leben und fast alle Nachrichten. Mitten in dieser Zeit hatte sich phasenweise, als Akt der Solidarit\u00e4t, die sch\u00f6ne Geste des Applauses f\u00fcr systemrelevant Arbeitende etabliert. Dieser Applaus galt vor allem eher schlecht bezahlten Besch\u00e4ftigten, zum Beispiel denen aus dem Einzelhandel und der Pflege. Unter ihnen befinden sich \u00fcberproportional viele Frauen, die &#8211; wie so oft in Krisenzeiten &#8211; den Laden mal wieder am Laufen halten. W\u00e4hrend es gerade einmal wenige Wochen ben\u00f6tigte, dass Gro\u00dfkonzernen \u00e0 la Lufthansa, Adidas und VW insgesamt Kredite \u00fcber 500 Milliarden Euro sowie Steuererlasse in Millardenh\u00f6he durch die Politik zugesagt wurden, bedankten sich Arbeitsminister Heil und Gesundheitsminister Spahn bei den auf Grund ihrer Systemrelevanz gefeierten Besch\u00e4ftigten mit einem weniger erfreulichen Geschenk.<!--more--><\/p>\n<p>Erstmalig wurde die Regelung einer maximalen Arbeitszeit von 10 Stunden sowie die Mindest-Ruhezeit von 11 Stunden zwischen 2 Arbeitseins\u00e4tzen fl\u00e4chendeckend f\u00fcr ganze Branchen au\u00dfer Kraft gesetzt. Dies war bisher nur mit Genehmigung der zust\u00e4ndigen Landes\u00e4mter f\u00fcr einzelne betriebliche Ausnahmef\u00e4lle m\u00f6glich. Bis zu 12 Stunden am St\u00fcck soll unter anderem ausgerechnet das schon unter normalen Bedingungen gesundheitsgef\u00e4hrdete und stark belastete Personal der medizinischen Berufe arbeiten d\u00fcrfen. Die minimale Ruhezeit wurde f\u00fcr Lohnarbeitende, deren Arbeit der sogenannten Daseinsvorsorge dient, auf 9 Stunden herab gesetzt. Rechtsgrundlage hierf\u00fcr ist \u00a7 14 Abs. 4 des Arbeitszeitgesetzes (ArbZG). Die Regelung wurde am 27.3.2020 eigens als Teil des Corona-Krisenpaketes verabschiedet. F\u00fcr das Pflegepersonal der Krankenh\u00e4user ist dies besonders bitter, denn zuvor wurden bereits die geltenden Personal-Untergrenzen f\u00fcr die jeweiligen Stationen bis auf Weiteres au\u00dfer Kraft gesetzt.<\/p>\n<p>Diese Regelungen und die massiven, generellen Einschr\u00e4nkungen von Grundrechten stehen exemplarisch f\u00fcr die Notwendigkeit gemeinsamer Aktionen und Demonstrationen am Tag der Arbeit. Schon jetzt, mitten in der aktuellen Krise, wird deutlich, auf wen die Krisenkosten abgew\u00e4lzt werden sollen. Nicht genug damit, dass weltweit die \u00c4rmsten von den gesundheitlichen Auswirkungen des Virus am st\u00e4rksten betroffen sind, es werden auch die \u00c4rmsten der jeweiligen L\u00e4nder sein, auf deren R\u00fccken die Krisenkosten \u00fcberproportional abgew\u00e4lzt werden, wenn wir vom heimischen Sofa aus dabei zuschauen. Auch in dieser Krise zeigt sich einmal mehr die buchst\u00e4bliche Lebensgefahr, die von einer kapitalistischen Wirtschaft ausgeht. Anstatt die Besch\u00e4ftigten weiter auszupressen wie Zitronen, geh\u00f6ren Bereiche der Daseinsf\u00fcrsorge, wie Energie- und Wasserversorgungen, Gesundheit und Pflege, aber auch die Produktion lebensnotwendiger G\u00fcter vergesellschaftet und den Profitmechanismen des Marktes entzogen. Nur so besteht die Chance darauf, das gerade erlebte weltweite Hauen und Stechen um lebensnotwendige G\u00fcter zu verhindern.<\/p>\n<p>Das Motto &#8222;Heraus zum ersten Mai!&#8220; stellt uns in diesem Jahr vor besondere Herausforderungen. In Frankfurt am Main wollen wir uns diesen Herausforderungen stellen &#8211; und zwar live und in Farbe auf der Stra\u00dfe. Selbstverst\u00e4ndlich halten wir uns dabei an die Gebote des Infektionsschutzes.Wenn unsere Kinder ab Anfang Mai wieder zur Schule gehen und wir k\u00fcnftig vor einer gr\u00f6\u00dferen Anzahl von Gesch\u00e4ften in der Schlange stehen d\u00fcrfen, k\u00f6nnen wir auch unter Einhaltung der empfohlenen 1,5 Meter Abstand und dem Tragen von Atemschutzmasken auf die Stra\u00dfe gehen.<\/p>\n<p>Das Bundesverfassungsgericht hat ein allgemeing\u00fcltiges, durch das Infektionsschutzgesetz gedecktes, Versammlungsverbot \u00fcbrigens in seiner Entscheidung vom 16.4.2020 kassiert. Wir treffen uns am *1. Mai*um *11:00 Uhr*an der *Braubachstra\u00dfe zwischen R\u00f6merberg und Paulsplatz*f\u00fcr einen sozial-politischen Spaziergang. Von dort laufen wir, jeweils zwei Personen durch ein Transparent getrennt oder Einzeln mit geb\u00fchrendem Abstand hintereinander los.<\/p>\n<p>Bitte seid p\u00fcnktlich, tragt Mundschutz und bringt eigene Transparente mit euren Parolen mit. Da der Mundschutz das Rufen von Parolen vermutlich erschwert, empfehlen wir zudem Instrumente (z.B. Kochtopfdeckel und L\u00f6ffel &#8211; bitte keine Trillerpfeifen!), um sich lautstark bemerkbar zu machen.<\/p>\n<p>Wir fordern:<\/p>\n<p>* Profit-distancing statt social-distancing!<br \/>\n* L\u00f6hne hoch in den unterdurchschnittlich bezahlten Berufen<br \/>\n* Heraufsetzen der Pflege- und Betreuungsschl\u00fcssel im medizinischen<br \/>\nund sozialen Bereich<br \/>\n* Sofortige R\u00fccknahme der neu eingef\u00fchrten Corona-Arbeitszeitregelung<br \/>\n* Beendigung aller generellen Versuche der Einschr\u00e4nkung der Meinungs-<br \/>\nund Versammlungsfreiheit ohne Einzelpr\u00fcfung<br \/>\n* Evakuierung aller Fl\u00fcchtlingslager an den EU-Au\u00dfengrenzen<br \/>\n* Minimierung der w\u00f6chentlichen Arbeitszeit f\u00fcr alle Berufe zur<br \/>\nF\u00f6rderung sozialer und sozial-politischer Aktivit\u00e4ten<\/p>\n<p>Da die Lage um Corona immer noch sehr dynamisch ist, k\u00f6nnen und m\u00fcssen die Forderungen in den n\u00e4chsten Wochen unter Umst\u00e4nden angepasst bzw. erweitert werden. Hier ist jede*r zur Flexibilit\u00e4t und Kreativit\u00e4t aufgerufen.<\/p>\n<p>Vereinigte Gewerkschafter*innen Frankfurts, Lohnarbeitende<br \/>\nund Freund*innen schwarzer Pelztiere<\/p>\n<div class=\"shariff shariff-align-left shariff-widget-align-left\" data-url=\"https:\/\/frankfurt.fau.org\/?p=565\" data-timestamp=\"1588354185\" data-backendurl=\"?rest_route=\/shariff\/v1\/share_counts&\"><ul class=\"shariff-buttons theme-round orientation-horizontal buttonsize-small\"><li class=\"shariff-button mastodon shariff-nocustomcolor\" style=\"background-color:#563ACC\"><a href=\"https:\/\/s2f.kytta.dev\/?text=Applaus%20ist%20nicht%20genug%21%20Deshalb%3A%20Heraus%20zum%20ersten%20Mai%21 https%3A%2F%2Ffrankfurt.fau.org%2F%3Fp%3D565\" title=\"Bei Mastodon teilen\" aria-label=\"Bei Mastodon teilen\" role=\"button\" rel=\"noopener nofollow\" class=\"shariff-link\" style=\"; background-color:#6364FF; color:#fff\" target=\"_blank\"><span class=\"shariff-icon\" style=\"\"><svg width=\"75\" height=\"79\" viewBox=\"0 0 75 79\" fill=\"none\" xmlns=\"http:\/\/www.w3.org\/2000\/svg\"><path d=\"M37.813-.025C32.462-.058 27.114.13 21.79.598c-8.544.621-17.214 5.58-20.203 13.931C-1.12 23.318.408 32.622.465 41.65c.375 7.316.943 14.78 3.392 21.73 4.365 9.465 14.781 14.537 24.782 15.385 7.64.698 15.761-.213 22.517-4.026a54.1 54.1 0 0 0 .01-6.232c-6.855 1.316-14.101 2.609-21.049 1.074-3.883-.88-6.876-4.237-7.25-8.215-1.53-3.988 3.78-.43 5.584-.883 9.048 1.224 18.282.776 27.303-.462 7.044-.837 14.26-4.788 16.65-11.833 2.263-6.135 1.215-12.79 1.698-19.177.06-3.84.09-7.692-.262-11.52C72.596 7.844 63.223.981 53.834.684a219.453 219.453 0 0 0-16.022-.71zm11.294 12.882c5.5-.067 10.801 4.143 11.67 9.653.338 1.48.471 3 .471 4.515v21.088h-8.357c-.07-7.588.153-15.182-.131-22.765-.587-4.368-7.04-5.747-9.672-2.397-2.422 3.04-1.47 7.155-1.67 10.735v6.392h-8.307c-.146-4.996.359-10.045-.404-15.002-1.108-4.218-7.809-5.565-10.094-1.666-1.685 3.046-.712 6.634-.976 9.936v14.767h-8.354c.109-8.165-.238-16.344.215-24.5.674-5.346 5.095-10.389 10.676-10.627 4.902-.739 10.103 2.038 12.053 6.631.375 1.435 1.76 1.932 1.994.084 1.844-3.704 5.501-6.739 9.785-6.771.367-.044.735-.068 1.101-.073z\"\/><defs><linearGradient id=\"paint0_linear_549_34\" x1=\"37.0692\" y1=\"0\" x2=\"37.0692\" y2=\"79\" gradientUnits=\"userSpaceOnUse\"><stop stop-color=\"#6364FF\"\/><stop offset=\"1\" stop-color=\"#563ACC\"\/><\/linearGradient><\/defs><\/svg><\/span><\/a><\/li><li class=\"shariff-button facebook shariff-nocustomcolor\" style=\"background-color:#4273c8\"><a href=\"https:\/\/www.facebook.com\/sharer\/sharer.php?u=https%3A%2F%2Ffrankfurt.fau.org%2F%3Fp%3D565\" title=\"Bei Facebook teilen\" aria-label=\"Bei Facebook teilen\" role=\"button\" rel=\"nofollow\" class=\"shariff-link\" style=\"; background-color:#3b5998; color:#fff\" target=\"_blank\"><span class=\"shariff-icon\" style=\"\"><svg width=\"32px\" height=\"20px\" xmlns=\"http:\/\/www.w3.org\/2000\/svg\" viewBox=\"0 0 18 32\"><path fill=\"#3b5998\" d=\"M17.1 0.2v4.7h-2.8q-1.5 0-2.1 0.6t-0.5 1.9v3.4h5.2l-0.7 5.3h-4.5v13.6h-5.5v-13.6h-4.5v-5.3h4.5v-3.9q0-3.3 1.9-5.2t5-1.8q2.6 0 4.1 0.2z\"\/><\/svg><\/span><\/a><\/li><li class=\"shariff-button linkedin shariff-nocustomcolor\" style=\"background-color:#1488bf\"><a href=\"https:\/\/www.linkedin.com\/sharing\/share-offsite\/?url=https%3A%2F%2Ffrankfurt.fau.org%2F%3Fp%3D565\" title=\"Bei LinkedIn teilen\" aria-label=\"Bei LinkedIn teilen\" role=\"button\" rel=\"noopener nofollow\" class=\"shariff-link\" style=\"; background-color:#0077b5; color:#fff\" target=\"_blank\"><span class=\"shariff-icon\" style=\"\"><svg width=\"32px\" height=\"20px\" xmlns=\"http:\/\/www.w3.org\/2000\/svg\" viewBox=\"0 0 27 32\"><path fill=\"#0077b5\" d=\"M6.2 11.2v17.7h-5.9v-17.7h5.9zM6.6 5.7q0 1.3-0.9 2.2t-2.4 0.9h0q-1.5 0-2.4-0.9t-0.9-2.2 0.9-2.2 2.4-0.9 2.4 0.9 0.9 2.2zM27.4 18.7v10.1h-5.9v-9.5q0-1.9-0.7-2.9t-2.3-1.1q-1.1 0-1.9 0.6t-1.2 1.5q-0.2 0.5-0.2 1.4v9.9h-5.9q0-7.1 0-11.6t0-5.3l0-0.9h5.9v2.6h0q0.4-0.6 0.7-1t1-0.9 1.6-0.8 2-0.3q3 0 4.9 2t1.9 6z\"\/><\/svg><\/span><\/a><\/li><li class=\"shariff-button info shariff-nocustomcolor\" style=\"background-color:#eee\"><a href=\"http:\/\/ct.de\/-2467514\" title=\"Weitere Informationen\" aria-label=\"Weitere Informationen\" role=\"button\" rel=\"noopener \" class=\"shariff-link\" style=\"; background-color:#fff; color:#fff\" target=\"_blank\"><span class=\"shariff-icon\" style=\"\"><svg width=\"32px\" height=\"20px\" xmlns=\"http:\/\/www.w3.org\/2000\/svg\" viewBox=\"0 0 11 32\"><path fill=\"#999\" d=\"M11.4 24v2.3q0 0.5-0.3 0.8t-0.8 0.4h-9.1q-0.5 0-0.8-0.4t-0.4-0.8v-2.3q0-0.5 0.4-0.8t0.8-0.4h1.1v-6.8h-1.1q-0.5 0-0.8-0.4t-0.4-0.8v-2.3q0-0.5 0.4-0.8t0.8-0.4h6.8q0.5 0 0.8 0.4t0.4 0.8v10.3h1.1q0.5 0 0.8 0.4t0.3 0.8zM9.2 3.4v3.4q0 0.5-0.4 0.8t-0.8 0.4h-4.6q-0.4 0-0.8-0.4t-0.4-0.8v-3.4q0-0.4 0.4-0.8t0.8-0.4h4.6q0.5 0 0.8 0.4t0.4 0.8z\"\/><\/svg><\/span><\/a><\/li><\/ul><\/div>","protected":false},"excerpt":{"rendered":"<p>Applaus ist nicht genug! Deshalb: Heraus zum ersten Mai! Eine Frankfurter Gruppe, bestehend aus Gewerkschafter*innen, Lohnarbeitenden und Freund*innen schwarzer Pelztiere l\u00e4dt zu einem 1.Mai-Spaziergang ein. Treffpunkt ist in Frankfurt am Main am 01.05.20, um 11 Uhr, die Ecke Braubachstra\u00dfe zwischen R\u00f6mer und Paulsplatz. Alle sind dazu aufgefordert, Transparente mit Forderungen (und als Abstandshalter) und Mundschutz mitzubringen, sodass der Spaziergang unter Corona-Bedingungen stattfinden kann. Wir werden &hellip; <a href=\"https:\/\/frankfurt.fau.org\/?p=565\" class=\"more-link\">Continue reading <span class=\"screen-reader-text\">Applaus ist nicht genug! Deshalb: Heraus zum ersten Mai!<\/span> <span class=\"meta-nav\">&raquo;<\/span><\/a><\/p>\n<div class=\"shariff shariff-align-left shariff-widget-align-left\" data-url=\"https:\/\/frankfurt.fau.org\/?p=565\" data-timestamp=\"1588354185\" data-backendurl=\"?rest_route=\/shariff\/v1\/share_counts&\"><ul class=\"shariff-buttons theme-round orientation-horizontal buttonsize-small\"><li class=\"shariff-button mastodon shariff-nocustomcolor\" style=\"background-color:#563ACC\"><a href=\"https:\/\/s2f.kytta.dev\/?text=Applaus%20ist%20nicht%20genug%21%20Deshalb%3A%20Heraus%20zum%20ersten%20Mai%21 https%3A%2F%2Ffrankfurt.fau.org%2F%3Fp%3D565\" title=\"Bei Mastodon teilen\" aria-label=\"Bei Mastodon teilen\" role=\"button\" rel=\"noopener nofollow\" class=\"shariff-link\" style=\"; background-color:#6364FF; color:#fff\" target=\"_blank\"><span class=\"shariff-icon\" style=\"\"><svg width=\"75\" height=\"79\" viewBox=\"0 0 75 79\" fill=\"none\" xmlns=\"http:\/\/www.w3.org\/2000\/svg\"><path d=\"M37.813-.025C32.462-.058 27.114.13 21.79.598c-8.544.621-17.214 5.58-20.203 13.931C-1.12 23.318.408 32.622.465 41.65c.375 7.316.943 14.78 3.392 21.73 4.365 9.465 14.781 14.537 24.782 15.385 7.64.698 15.761-.213 22.517-4.026a54.1 54.1 0 0 0 .01-6.232c-6.855 1.316-14.101 2.609-21.049 1.074-3.883-.88-6.876-4.237-7.25-8.215-1.53-3.988 3.78-.43 5.584-.883 9.048 1.224 18.282.776 27.303-.462 7.044-.837 14.26-4.788 16.65-11.833 2.263-6.135 1.215-12.79 1.698-19.177.06-3.84.09-7.692-.262-11.52C72.596 7.844 63.223.981 53.834.684a219.453 219.453 0 0 0-16.022-.71zm11.294 12.882c5.5-.067 10.801 4.143 11.67 9.653.338 1.48.471 3 .471 4.515v21.088h-8.357c-.07-7.588.153-15.182-.131-22.765-.587-4.368-7.04-5.747-9.672-2.397-2.422 3.04-1.47 7.155-1.67 10.735v6.392h-8.307c-.146-4.996.359-10.045-.404-15.002-1.108-4.218-7.809-5.565-10.094-1.666-1.685 3.046-.712 6.634-.976 9.936v14.767h-8.354c.109-8.165-.238-16.344.215-24.5.674-5.346 5.095-10.389 10.676-10.627 4.902-.739 10.103 2.038 12.053 6.631.375 1.435 1.76 1.932 1.994.084 1.844-3.704 5.501-6.739 9.785-6.771.367-.044.735-.068 1.101-.073z\"\/><defs><linearGradient id=\"paint0_linear_549_34\" x1=\"37.0692\" y1=\"0\" x2=\"37.0692\" y2=\"79\" gradientUnits=\"userSpaceOnUse\"><stop stop-color=\"#6364FF\"\/><stop offset=\"1\" stop-color=\"#563ACC\"\/><\/linearGradient><\/defs><\/svg><\/span><\/a><\/li><li class=\"shariff-button facebook shariff-nocustomcolor\" style=\"background-color:#4273c8\"><a href=\"https:\/\/www.facebook.com\/sharer\/sharer.php?u=https%3A%2F%2Ffrankfurt.fau.org%2F%3Fp%3D565\" title=\"Bei Facebook teilen\" aria-label=\"Bei Facebook teilen\" role=\"button\" rel=\"nofollow\" class=\"shariff-link\" style=\"; background-color:#3b5998; color:#fff\" target=\"_blank\"><span class=\"shariff-icon\" style=\"\"><svg width=\"32px\" height=\"20px\" xmlns=\"http:\/\/www.w3.org\/2000\/svg\" viewBox=\"0 0 18 32\"><path fill=\"#3b5998\" d=\"M17.1 0.2v4.7h-2.8q-1.5 0-2.1 0.6t-0.5 1.9v3.4h5.2l-0.7 5.3h-4.5v13.6h-5.5v-13.6h-4.5v-5.3h4.5v-3.9q0-3.3 1.9-5.2t5-1.8q2.6 0 4.1 0.2z\"\/><\/svg><\/span><\/a><\/li><li class=\"shariff-button linkedin shariff-nocustomcolor\" style=\"background-color:#1488bf\"><a href=\"https:\/\/www.linkedin.com\/sharing\/share-offsite\/?url=https%3A%2F%2Ffrankfurt.fau.org%2F%3Fp%3D565\" title=\"Bei LinkedIn teilen\" aria-label=\"Bei LinkedIn teilen\" role=\"button\" rel=\"noopener nofollow\" class=\"shariff-link\" style=\"; background-color:#0077b5; color:#fff\" target=\"_blank\"><span class=\"shariff-icon\" style=\"\"><svg width=\"32px\" height=\"20px\" xmlns=\"http:\/\/www.w3.org\/2000\/svg\" viewBox=\"0 0 27 32\"><path fill=\"#0077b5\" d=\"M6.2 11.2v17.7h-5.9v-17.7h5.9zM6.6 5.7q0 1.3-0.9 2.2t-2.4 0.9h0q-1.5 0-2.4-0.9t-0.9-2.2 0.9-2.2 2.4-0.9 2.4 0.9 0.9 2.2zM27.4 18.7v10.1h-5.9v-9.5q0-1.9-0.7-2.9t-2.3-1.1q-1.1 0-1.9 0.6t-1.2 1.5q-0.2 0.5-0.2 1.4v9.9h-5.9q0-7.1 0-11.6t0-5.3l0-0.9h5.9v2.6h0q0.4-0.6 0.7-1t1-0.9 1.6-0.8 2-0.3q3 0 4.9 2t1.9 6z\"\/><\/svg><\/span><\/a><\/li><li class=\"shariff-button info shariff-nocustomcolor\" style=\"background-color:#eee\"><a href=\"http:\/\/ct.de\/-2467514\" title=\"Weitere Informationen\" aria-label=\"Weitere Informationen\" role=\"button\" rel=\"noopener \" class=\"shariff-link\" style=\"; background-color:#fff; color:#fff\" target=\"_blank\"><span class=\"shariff-icon\" style=\"\"><svg width=\"32px\" height=\"20px\" xmlns=\"http:\/\/www.w3.org\/2000\/svg\" viewBox=\"0 0 11 32\"><path fill=\"#999\" d=\"M11.4 24v2.3q0 0.5-0.3 0.8t-0.8 0.4h-9.1q-0.5 0-0.8-0.4t-0.4-0.8v-2.3q0-0.5 0.4-0.8t0.8-0.4h1.1v-6.8h-1.1q-0.5 0-0.8-0.4t-0.4-0.8v-2.3q0-0.5 0.4-0.8t0.8-0.4h6.8q0.5 0 0.8 0.4t0.4 0.8v10.3h1.1q0.5 0 0.8 0.4t0.3 0.8zM9.2 3.4v3.4q0 0.5-0.4 0.8t-0.8 0.4h-4.6q-0.4 0-0.8-0.4t-0.4-0.8v-3.4q0-0.4 0.4-0.8t0.8-0.4h4.6q0.5 0 0.8 0.4t0.4 0.8z\"\/><\/svg><\/span><\/a><\/li><\/ul><\/div>","protected":false},"author":4,"featured_media":0,"comment_status":"closed","ping_status":"open","sticky":false,"template":"","format":"image","meta":{"footnotes":""},"categories":[3,1],"tags":[],"class_list":["post-565","post","type-post","status-publish","format-image","hentry","category-aktuell","category-allgemein","post_format-post-format-image"],"_links":{"self":[{"href":"https:\/\/frankfurt.fau.org\/index.php?rest_route=\/wp\/v2\/posts\/565","targetHints":{"allow":["GET"]}}],"collection":[{"href":"https:\/\/frankfurt.fau.org\/index.php?rest_route=\/wp\/v2\/posts"}],"about":[{"href":"https:\/\/frankfurt.fau.org\/index.php?rest_route=\/wp\/v2\/types\/post"}],"author":[{"embeddable":true,"href":"https:\/\/frankfurt.fau.org\/index.php?rest_route=\/wp\/v2\/users\/4"}],"replies":[{"embeddable":true,"href":"https:\/\/frankfurt.fau.org\/index.php?rest_route=%2Fwp%2Fv2%2Fcomments&post=565"}],"version-history":[{"count":10,"href":"https:\/\/frankfurt.fau.org\/index.php?rest_route=\/wp\/v2\/posts\/565\/revisions"}],"predecessor-version":[{"id":579,"href":"https:\/\/frankfurt.fau.org\/index.php?rest_route=\/wp\/v2\/posts\/565\/revisions\/579"}],"wp:attachment":[{"href":"https:\/\/frankfurt.fau.org\/index.php?rest_route=%2Fwp%2Fv2%2Fmedia&parent=565"}],"wp:term":[{"taxonomy":"category","embeddable":true,"href":"https:\/\/frankfurt.fau.org\/index.php?rest_route=%2Fwp%2Fv2%2Fcategories&post=565"},{"taxonomy":"post_tag","embeddable":true,"href":"https:\/\/frankfurt.fau.org\/index.php?rest_route=%2Fwp%2Fv2%2Ftags&post=565"}],"curies":[{"name":"wp","href":"https:\/\/api.w.org\/{rel}","templated":true}]}}